[{"@context":"https:\/\/schema.org\/","@type":"Article","@id":"https:\/\/www.ceretherm.sk\/takto-sa-vam-to-stat-nemoze\/#Article","mainEntityOfPage":"https:\/\/www.ceretherm.sk\/takto-sa-vam-to-stat-nemoze\/","headline":"Takto sa v\u00e1m to sta\u0165 nem\u00f4\u017ee","name":"Takto sa v\u00e1m to sta\u0165 nem\u00f4\u017ee","description":"Urieknutie. Ke\u010f sa na v\u00e1s niekto zle pozrie a v\u00e1m sa bude zle dari\u0165. Kriv\u00fd poh\u013ead osoby, ktor\u00e1 na v\u00e1s za\u0161k\u00fali. Od toho momentu sa v\u00e1m v \u017eivote prestane dari\u0165.<a href=\"https:\/\/www.ceretherm.sk\/takto-sa-vam-to-stat-nemoze\/\" class=\"d-block breadmore\">Read More<\/a>\n","datePublished":"2022-10-21","dateModified":"2022-10-21","author":{"@type":"Person","@id":"https:\/\/www.ceretherm.sk\/author\/#Person","name":"","url":"https:\/\/www.ceretherm.sk\/author\/","identifier":1,"image":{"@type":"ImageObject","@id":"https:\/\/secure.gravatar.com\/avatar\/42264ea8f5170010011c6bbf811aa6c31c20ad3acf2a9bd21dca0746ea8c832a?s=96&d=mm&r=g","url":"https:\/\/secure.gravatar.com\/avatar\/42264ea8f5170010011c6bbf811aa6c31c20ad3acf2a9bd21dca0746ea8c832a?s=96&d=mm&r=g","height":96,"width":96}},"publisher":{"@type":"Organization","name":"ceretherm.sk","logo":{"@type":"ImageObject","@id":"\/logo.png","url":"\/logo.png","width":600,"height":60}},"image":{"@type":"ImageObject","@id":"https:\/\/www.ceretherm.sk\/wp-content\/uploads\/people-2592299_1920.jpg","url":"https:\/\/www.ceretherm.sk\/wp-content\/uploads\/people-2592299_1920.jpg","height":0,"width":0},"url":"https:\/\/www.ceretherm.sk\/takto-sa-vam-to-stat-nemoze\/","wordCount":389,"articleBody":"   Urieknutie. Ke\u010f sa na v\u00e1s niekto zle pozrie a v\u00e1m sa bude zle dari\u0165. Kriv\u00fd poh\u013ead osoby, ktor\u00e1 na v\u00e1s za\u0161k\u00fali. Od toho momentu sa v\u00e1m v \u017eivote prestane dari\u0165. Bude sa v\u00e1m v\u0161etko kazi\u0165. Nebudete ma\u0165 viac \u0161\u0165astie. Opust\u00ed v\u00e1s. V\u00e1\u0161 \u017eivot sa za\u010dne r\u00faca\u0165 ako dom\u010dek z kar\u00e1t. Va\u0161e ne\u0161\u0165astie bude obrovsk\u00e9. Nebudete sa vedie\u0165 z toho dosta\u0165. Ne\u0161\u0165astn\u00e9 pr\u00edhody sa na v\u00e1s bud\u00fa vali\u0165 z ka\u017edej strany. Ni\u010d pr\u00edjemn\u00e9 v\u00e1s u\u017e viac nebude \u010daka\u0165. Ostanete vo svojom ne\u0161\u0165astnom \u017eivote u\u017e len trpie\u0165. Na\u0161\u0165astie to nemus\u00edte nech\u00e1va\u0165 len na osud alebo \u0161\u0165astie, \u010di v\u00e1s niekto uriekne alebo. V \u010dervenej mikine sa v\u00e1m to sta\u0165 nem\u00f4\u017ee. \u010cerven\u00e1 je toti\u017e farba, ktor\u00e1 je tak\u00e1 v\u00fdrazn\u00e1, \u017ee v\u00e1s ochr\u00e1ni pred urieknut\u00edm. Neexistuje, aby v\u00e1s po stretnut\u00ed s niek\u00fdm, ak ste mali \u010derven\u00fa mikinu, bolela hlava alebo sa v\u00e1m prestalo dari\u0165. Ak sa tak stane, tak potom za to urieknutie nem\u00f4\u017ee, ale s\u00fa v tom in\u00e9 sily. Tak\u00e1 \u00fanava, vy\u010derpanie alebo nie\u010do podobn\u00e9. Jednoducho sa to stane bez oh\u013eadu na to, \u010di v\u00e1s niekto uriekol alebo nie. Urieknutie je nie\u010do, na \u010do sa pomaly zab\u00fada. Star\u00ed \u013eudia v\u00e1m to e\u0161te ob\u010das spomen\u00fa pri svojich pr\u00edbehoch a z\u00e1\u017eitkoch. No, dnes u\u017e nie sme tak\u00ed ustr\u00e1chan\u00ed ako vo\u013eakedy. Na nie\u010do to mo\u017eno bolo dobr\u00e9, no z druhej strany m\u00f4\u017eeme by\u0165 celkom radi, \u017ee nemus\u00edme \u017ei\u0165 \u017eivoty v strachu. V minulosti si nevedeli niektor\u00e9 \u010diny, javy alebo veci vysvetli\u0165 a preto sa ich pozornos\u0165 obracala t\u00fdmto smerom. Obvi\u0148ovali sa navz\u00e1jom, \u017ee za tak\u00e9to nepr\u00edjemnosti m\u00f4\u017eu star\u00e9 dievky, star\u00ed ml\u00e1denci alebo hocikto, kto sa na nich nejako (pod\u013ea ich poh\u013eadu zle) pozrel. Mo\u017eno len zle videl do dia\u013eky, za\u0161k\u00falil a oni si u\u017e nahov\u00e1rali, \u017ee to bude urieknutie. \u017divot bol v\u0161elijak\u00fd, no dnes m\u00e1me na\u0161\u0165astie aj obrann\u00e9 mechanizmy v podobe \u010derven\u00fdch mik\u00edn, ktor\u00e9 v\u00e1m zaru\u010dia istotu. Istotu, \u017ee ostanete bez urieknutia a m\u00f4\u017eete tak slobodne d\u00fdcha\u0165 na\u010falej.                                                                                                                                                                                                                                                                                                                                                                                                   "},{"@context":"https:\/\/schema.org\/","@type":"BreadcrumbList","itemListElement":[{"@type":"ListItem","position":1,"name":"Takto sa v\u00e1m to sta\u0165 nem\u00f4\u017ee","item":"https:\/\/www.ceretherm.sk\/takto-sa-vam-to-stat-nemoze\/#breadcrumbitem"}]}]