[{"@context":"https:\/\/schema.org\/","@type":"Article","@id":"https:\/\/www.ceretherm.sk\/vase-fotografie-vyvolane-lacno\/#Article","mainEntityOfPage":"https:\/\/www.ceretherm.sk\/vase-fotografie-vyvolane-lacno\/","headline":"Va\u0161e fotografie vyvolan\u00e9 lacno","name":"Va\u0161e fotografie vyvolan\u00e9 lacno","description":"Skuto\u010dnos\u0165 je tak\u00e1, \u017ee rozdiel medzi digit\u00e1lnou a tla\u010denou fotografiou je skuto\u010dne ve\u013emi ve\u013ek\u00fd a to najm\u00e4 z h\u013eadiska sentimentu a rovnako tak aj z h\u013eadiska skuto\u010dnosti, nako\u013eko digit\u00e1lne fotografie<a href=\"https:\/\/www.ceretherm.sk\/vase-fotografie-vyvolane-lacno\/\" class=\"d-block breadmore\">Read More<\/a>\n","datePublished":"2021-06-15","dateModified":"2021-06-15","author":{"@type":"Person","@id":"https:\/\/www.ceretherm.sk\/author\/#Person","name":"","url":"https:\/\/www.ceretherm.sk\/author\/","identifier":1,"image":{"@type":"ImageObject","@id":"https:\/\/secure.gravatar.com\/avatar\/42264ea8f5170010011c6bbf811aa6c31c20ad3acf2a9bd21dca0746ea8c832a?s=96&d=mm&r=g","url":"https:\/\/secure.gravatar.com\/avatar\/42264ea8f5170010011c6bbf811aa6c31c20ad3acf2a9bd21dca0746ea8c832a?s=96&d=mm&r=g","height":96,"width":96}},"publisher":{"@type":"Organization","name":"ceretherm.sk","logo":{"@type":"ImageObject","@id":"\/logo.png","url":"\/logo.png","width":600,"height":60}},"image":{"@type":"ImageObject","@id":"https:\/\/www.ceretherm.sk\/wp-content\/uploads\/close-up-vintage-camera-wooden-table_1205-111_2.jpg","url":"https:\/\/www.ceretherm.sk\/wp-content\/uploads\/close-up-vintage-camera-wooden-table_1205-111_2.jpg","height":0,"width":0},"url":"https:\/\/www.ceretherm.sk\/vase-fotografie-vyvolane-lacno\/","wordCount":483,"articleBody":"   Skuto\u010dnos\u0165 je tak\u00e1, \u017ee rozdiel medzi digit\u00e1lnou a tla\u010denou fotografiou je skuto\u010dne ve\u013emi ve\u013ek\u00fd a to najm\u00e4 z h\u013eadiska sentimentu a rovnako tak aj z h\u013eadiska skuto\u010dnosti, nako\u013eko digit\u00e1lne fotografie s\u00fa dnes pr\u00edli\u0161 \u013eahko dostupn\u00e9 a v niektor\u00fdch pr\u00edpadoch je mo\u017en\u00e9, \u017ee o ne dok\u00e1\u017eeme ve\u013emi \u013eahko pr\u00eds\u0165 bez toho, aby sme o tom v\u00f4bec vedeli. Existuj\u00fa pritom r\u00f4zne sp\u00f4soby, ako m\u00f4\u017eeme na\u0161e fotografie vyvola\u0165 a preto, ak m\u00e1te pr\u00e1ve teraz aj vy pocit, \u017ee je najvy\u0161\u0161\u00ed \u010das, aby ste to spravili porozm\u00fd\u0161\u013eajte nad t\u00fdm, \u010di je pre v\u00e1s vhodn\u00e1 tla\u010d fotografi\u00ed na pl\u00e1tno https:\/\/www.fotkyzababku.sk\/ alebo by ste radi vyvolali va\u0161e fotografie jednoduch\u00fdm sp\u00f4sobom mal\u00e9 form\u00e1ty papierov a mali ich ulo\u017een\u00e9 vo va\u0161ich ob\u013e\u00faben\u00fdch albumoch, po ktor\u00fdch budete m\u00f4c\u0165 kedyko\u013evek stiahnu\u0165 a vr\u00e1ti\u0165 sa k nim, aby ste sa mohli radova\u0165 z toho, \u017ee m\u00e1te v\u0161etky va\u0161e spomienky na jednom jedinom mieste a m\u00f4\u017eete sa kedyko\u013evek vr\u00e1ti\u0165. Je ve\u013emi d\u00f4le\u017eit\u00e9, \u010di m\u00e1me na\u0161e fotografie uchovan\u00e9 iba v digit\u00e1lnej forme alebo ich dok\u00e1\u017eeme ma\u0165 aj v na\u0161om albume a pr\u00e1ve preto spravte aj vy tento d\u00f4le\u017eit\u00fd krok, ktor\u00fd m\u00e1me tendenciu neust\u00e1le odklada\u0165 a nechajte svoje fotografie vyvola\u0165, aby ste mohli ma\u0165 istotu, \u017ee oni len tak \u013eahko nepr\u00eddete a \u017ee s\u00fa pr\u00e1ve tak\u00e9 d\u00f4le\u017eit\u00e9, ako cel\u00fd v\u00e1\u0161 \u017eivot a v\u0161etky va\u0161e spomienky! U n\u00e1s si m\u00f4\u017eete va\u0161e ob\u013e\u00faben\u00e9 fotografie necha\u0165 vyvola\u0165 jednoduch\u00fdm sp\u00f4sobom a preto nev\u00e1hajte ani sekundu navy\u0161e, ale vyu\u017eite t\u00fato pr\u00edle\u017eitos\u0165 aj vy!Ak m\u00e1te aj vy dojem, \u017ee najvy\u0161\u0161\u00ed \u010das na to, aby ste va\u0161e fotografie zmenili z ich oby\u010dajnej digit\u00e1lnej formy na hmotn\u00fa a pr\u00e1ve tak\u00fa, ktor\u00e1 v\u00e1m vydr\u017e\u00ed ove\u013ea dlh\u0161ie a v\u010faka ktorej budete m\u00f4c\u0165 ma\u0165 pocit, \u017ee s\u00fa va\u0161e fotografie na \u00faplne inej \u00farovni, spravte tak pr\u00e1ve teraz v\u010faka na\u0161ej tla\u010diarni fotografi\u00ed, kde si m\u00f4\u017eete v\u0161etko zariadi\u0165 jednoduch\u00fdm sp\u00f4sobom z pohodlia va\u0161ej dom\u00e1cnosti!U\u017e onedlho m\u00f4\u017eete ma\u0165 vyvolen\u00e9 v\u0161etky va\u0161e fotografie sa v\u00e1m skuto\u010dne oplat\u00ed a preto tak spravte \u010d\u00edm sk\u00f4r, nech u\u017e chcete va\u0161e fotografie uchova\u0165 vo va\u0161ich albumoch alebo chcete kr\u00e1snu rodinn\u00fa fotografiu darova\u0165 ako kr\u00e1sny spomienkov\u00fd dar va\u0161im bl\u00edzkym vo forme vyvolania na pl\u00e1tno! Vyu\u017eite v\u0161etky va\u0161e slu\u017eby a radujte sa z va\u0161ich kr\u00e1snych spomienok, ktor\u00e9 budete ma\u0165 odteraz aj v tla\u010denej forme!                                                                                                                                                                                                                                                                                                                                                                                                  "},{"@context":"https:\/\/schema.org\/","@type":"BreadcrumbList","itemListElement":[{"@type":"ListItem","position":1,"name":"Va\u0161e fotografie vyvolan\u00e9 lacno","item":"https:\/\/www.ceretherm.sk\/vase-fotografie-vyvolane-lacno\/#breadcrumbitem"}]}]