[{"@context":"https:\/\/schema.org\/","@type":"Article","@id":"https:\/\/www.ceretherm.sk\/zmena-osvetlenia\/#Article","mainEntityOfPage":"https:\/\/www.ceretherm.sk\/zmena-osvetlenia\/","headline":"Zmena osvetlenia","name":"Zmena osvetlenia","description":"Ak maj\u00fa \u013eudia z nie\u010doho ve\u013emi \u010dasto zmie\u0161an\u00e9 pocity, tak je to to, ke\u010f musia vo svojom \u017eivote nie\u010do meni\u0165. A vlastne ani nez\u00e1le\u017e\u00ed na tom, \u010do konkr\u00e9tne to je.<a href=\"https:\/\/www.ceretherm.sk\/zmena-osvetlenia\/\" class=\"d-block breadmore\">Read More<\/a>\n","datePublished":"2018-04-08","dateModified":"2018-04-08","author":{"@type":"Person","@id":"https:\/\/www.ceretherm.sk\/author\/#Person","name":"","url":"https:\/\/www.ceretherm.sk\/author\/","identifier":1,"image":{"@type":"ImageObject","@id":"https:\/\/secure.gravatar.com\/avatar\/42264ea8f5170010011c6bbf811aa6c31c20ad3acf2a9bd21dca0746ea8c832a?s=96&d=mm&r=g","url":"https:\/\/secure.gravatar.com\/avatar\/42264ea8f5170010011c6bbf811aa6c31c20ad3acf2a9bd21dca0746ea8c832a?s=96&d=mm&r=g","height":96,"width":96}},"publisher":{"@type":"Organization","name":"ceretherm.sk","logo":{"@type":"ImageObject","@id":"\/logo.png","url":"\/logo.png","width":600,"height":60}},"image":{"@type":"ImageObject","@id":"https:\/\/www.ceretherm.sk\/wp-content\/uploads\/img_a287862_w16522_t1526364941.jpg","url":"https:\/\/www.ceretherm.sk\/wp-content\/uploads\/img_a287862_w16522_t1526364941.jpg","height":0,"width":0},"url":"https:\/\/www.ceretherm.sk\/zmena-osvetlenia\/","wordCount":414,"articleBody":"   Ak maj\u00fa \u013eudia z nie\u010doho ve\u013emi \u010dasto zmie\u0161an\u00e9 pocity, tak je to to, ke\u010f musia vo svojom \u017eivote nie\u010do meni\u0165. A vlastne ani nez\u00e1le\u017e\u00ed na tom, \u010do konkr\u00e9tne to je. V\u00e4\u010d\u0161inou proste ide iba o to, \u017ee sa musia rozhodn\u00fa\u0165 a \u00eds\u0165 si za t\u00fdm. A neb\u00e1\u0165 sa. Strach n\u00e1s naozaj ve\u013emi obmedzuje. Ak teda mysl\u00edme na to, \u010doho sa boj\u00edme, nikdy nezist\u00edme, \u017ee strach je vlastne v ka\u017edom oh\u013eade \u00faplne zbyto\u010dn\u00fd a nem\u00e1me d\u00f4vod sa n\u00edm zaobera\u0165. Je jasn\u00e9, \u017ee pr\u00e1ve strach n\u00e1m v\u00e4\u010d\u0161inou br\u00e1ni v tom, aby sme sa za\u010dali venova\u0165 veciam, ktor\u00e9 n\u00e1s m\u00f4\u017eu bavi\u0165, ktor\u00e9 nakoniec ocen\u00edme. Boj\u00edme sa sk\u00fasi\u0165 nov\u00fa pr\u00e1cu. Boj\u00edme sa od\u00eds\u0165 z domu. Boj\u00edme sa vysk\u00fa\u0161a\u0165 nov\u00fd kon\u00ed\u010dek. A boj\u00edme sa aj prerobi\u0165 si svoj vlastn\u00fd byt, preto\u017ee m\u00e1me pocit, \u017ee nie\u010do nemus\u00ed by\u0165 v poriadku. Ale je pravda, \u017ee tento strach je \u00faplne zbyto\u010dn\u00fd. Ke\u010f sa nad t\u00fdm zamysl\u00edte, je jasn\u00e9, \u017ee aj keby ste si do svojho bytu umiestnili nie\u010do, \u010do sa v\u00e1m nep\u00e1\u010di, m\u00f4\u017eete to kedyko\u013evek odstr\u00e1ni\u0165. A pr\u00e1ve preto sa nemus\u00edte v\u00f4bec stresova\u0165. Aby toho nebolo m\u00e1lo, existuj\u00fa aj veci, ktor\u00e9 sa v\u00e1m bud\u00fa p\u00e1\u010di\u0165 v\u017edy. Napr\u00edklad tak\u00e9 ledkov\u00e9 p\u00e1sy. Mysl\u00edte si, \u017ee je to hl\u00fapos\u0165? Ale v\u00f4bec nie. Len mus\u00edte vedie\u0165, \u010do na nich mus\u00edte oceni\u0165.Nie je \u017eiadnym tajomstvom, \u017ee pr\u00e1ve tento typ osvetlenia je ten najpopul\u00e1rnej\u0161\u00ed, nech sa deje \u010doko\u013evek. Ale pre\u010do to tak je? V prvom rade z\u00e1le\u017e\u00ed hlavne na tom, \u010do je pre v\u00e1s d\u00f4le\u017eit\u00e9. Ak chcete, aby va\u0161e osvetlenie vyzeralo \u010do najlep\u0161ie, m\u00e1te tu odpove\u010f. Ak chcete, aby bolo v\u0161etko perfektn\u00e9, tak taktie\u017e nem\u00e1te o \u010dom prem\u00fd\u0161\u013ea\u0165. Ale verte tomu, \u017ee to bude to najlep\u0161ie rozhodnutie, ktor\u00e9 urob\u00edte. By\u0165 na va\u0161om mieste, tak men\u00edme v\u0161etky osvetlenia v na\u0161om dome. Verte tomu, \u017ee v\u00e1m to vydr\u017e\u00ed omnoho dlh\u0161ie a \u017ee ani nebudete veri\u0165 tomu, ako dlho budete ma\u0165 pokoj s v\u00fdberom svietidiel. Tak na \u010do e\u0161te \u010dak\u00e1te? Sk\u00faste to a uvid\u00edte sami, \u017ee je to perfektn\u00e9. Neo\u013eutujete.                                                                                                                                                                                                                                                                                                                                                                                                  "},{"@context":"https:\/\/schema.org\/","@type":"BreadcrumbList","itemListElement":[{"@type":"ListItem","position":1,"name":"Zmena osvetlenia","item":"https:\/\/www.ceretherm.sk\/zmena-osvetlenia\/#breadcrumbitem"}]}]